[{"@context":"https:\/\/schema.org\/","@type":"Article","@id":"https:\/\/www.upmas.cz\/co-vam-nesmi-chybet-doma-pro-miminko-po-prijezdu-z-porodnice\/#Article","mainEntityOfPage":"https:\/\/www.upmas.cz\/co-vam-nesmi-chybet-doma-pro-miminko-po-prijezdu-z-porodnice\/","headline":"Co v\u00e1m nesm\u00ed chyb\u011bt doma pro miminko po p\u0159\u00edjezdu z porodnice?","name":"Co v\u00e1m nesm\u00ed chyb\u011bt doma pro miminko po p\u0159\u00edjezdu z porodnice?","description":"\u0160estined\u011bl\u00ed je kr\u00e1sn\u00fdm obdob\u00edm pln\u00fdm souzn\u011bn\u00ed, pocitu l\u00e1sky, pozn\u00e1n\u00ed, odpo\u010dinku a klidu a nen\u00ed nutn\u00e9 jej ru\u0161it n\u011b\u010d\u00edm tak ban\u00e1ln\u00edm, jako je chyb\u011bj\u00edc\u00ed teplom\u011br nebo nedokon\u010den\u00e1 stavba post\u00fdlky pro novope\u010den\u00e9 miminko.&#13; Proto je nutn\u00e9 myslet na z\u00e1kladn\u00ed v\u011bci, kter\u00e9 by nem\u011bly chyb\u011bt mamink\u00e1m p\u0159i p\u00e9\u010di o jejich drobe\u010dky v prvn\u00edch dnech \u017eivota. V t\u011bhotenstv\u00ed je [&hellip;]","datePublished":"2020-01-02","dateModified":"2023-05-15","author":{"@type":"Person","@id":"https:\/\/www.upmas.cz\/author\/#Person","name":"","url":"https:\/\/www.upmas.cz\/author\/","identifier":1,"image":{"@type":"ImageObject","@id":"https:\/\/secure.gravatar.com\/avatar\/9d25b0af9840660883a67790aa4f595ddc226aa4680c4cf7bc03a25c14fcef85?s=96&d=mm&r=g","url":"https:\/\/secure.gravatar.com\/avatar\/9d25b0af9840660883a67790aa4f595ddc226aa4680c4cf7bc03a25c14fcef85?s=96&d=mm&r=g","height":96,"width":96}},"publisher":{"@type":"Organization","name":"upmas.cz","logo":{"@type":"ImageObject","@id":"\/logo.png","url":"\/logo.png","width":600,"height":60}},"image":{"@type":"ImageObject","@id":"https:\/\/www.upmas.cz\/wp-content\/uploads\/img_a367898_w2441_t1580315512.jpg","url":"https:\/\/www.upmas.cz\/wp-content\/uploads\/img_a367898_w2441_t1580315512.jpg","height":0,"width":0},"url":"https:\/\/www.upmas.cz\/co-vam-nesmi-chybet-doma-pro-miminko-po-prijezdu-z-porodnice\/","about":["Bydlen\u00ed"],"wordCount":407,"articleBody":"\u0160estined\u011bl\u00ed je kr\u00e1sn\u00fdm obdob\u00edm pln\u00fdm souzn\u011bn\u00ed, pocitu l\u00e1sky, pozn\u00e1n\u00ed, odpo\u010dinku a klidu a nen\u00ed nutn\u00e9 jej ru\u0161it n\u011b\u010d\u00edm tak ban\u00e1ln\u00edm, jako je chyb\u011bj\u00edc\u00ed teplom\u011br nebo nedokon\u010den\u00e1 stavba post\u00fdlky pro novope\u010den\u00e9 miminko.&#13; Proto je nutn\u00e9 myslet na z\u00e1kladn\u00ed v\u011bci, kter\u00e9 by nem\u011bly chyb\u011bt mamink\u00e1m p\u0159i p\u00e9\u010di o jejich drobe\u010dky v prvn\u00edch dnech \u017eivota. V t\u011bhotenstv\u00ed je dostatek \u010dasu na to si v\u0161e p\u0159ipravit a po\u0159\u00eddit si z\u00e1kladn\u00ed v\u00fdbavi\u010dku pro miminko, a proto je lep\u0161\u00ed si napsat seznam, podle kter\u00e9ho si pokoj\u00ed\u010dek vybavit.&#13; D\u011btsk\u00e1 post\u00fdlka s kvalitn\u00ed matrac\u00ed je v prvn\u00edch dnech \u017eivota n\u011bkdy nahrazov\u00e1na prout\u011bn\u00fdm poj\u00edzdn\u00fdm ko\u0161em, se kter\u00fdm se mamince l\u00e9pe manipuluje po byt\u011b. I ten je v\u0161ak nutn\u00e9 vybavit monitorem dechu, kter\u00fd hl\u00edd\u00e1, jestli miminku b\u011bhem sp\u00e1nku nevynech\u00e1 dech. Do post\u00fdlky je \u010dasem vhodn\u00e9 po\u0159\u00eddit mantinel, v dne\u0161n\u00ed dob\u011b je modern\u00ed tzv. cop\u00e1nkov\u00fd zapl\u00e9tan\u00fd mantinel, kter\u00fd je pozd\u011bji mo\u017en\u00e9 vyu\u017e\u00edt i ve v\u011bt\u0161\u00ed post\u00fdlce nebo jako z\u00e1brana, kdy\u017e si d\u00edt\u011b hraje na zemi. Matrace se doporu\u010duje kokosov\u00e1, proto\u017ee je v\u00edce sav\u00e1 a prody\u0161n\u00e1.&#13; Pro p\u0159ebalov\u00e1n\u00ed je vhodn\u00e1 komoda s p\u0159ebalovac\u00edm pultem a nafukovac\u00ed omyvatelnou podlo\u017ekou. Pro prvn\u00ed dny sta\u010d\u00ed po\u0159\u00eddit men\u0161\u00ed balen\u00ed plen z d\u016fvodu mo\u017en\u00e9 alergie, a\u017e po vyzkou\u0161en\u00ed jednotliv\u00fdch typ\u016f je \u010das na n\u00e1kup v\u011bt\u0161\u00edho ekonomick\u00e9ho balen\u00ed. Do komody um\u00edstit p\u00e1r kousk\u016f oble\u010den\u00ed v men\u0161\u00edch velikostech, l\u00e1tkov\u00e9 pleny a z\u00e1kladn\u00ed kosmetiku na koup\u00e1n\u00ed a opruzen\u00fd zade\u010dek. V l\u00e9k\u00e1rni\u010dce by nem\u011bly chyb\u011bt \u010d\u00edpky proti hore\u010dce, teplom\u011br, p\u0159\u00edpadn\u011b ods\u00e1va\u010dka do nosu.&#13; Jakmile m\u016f\u017ee miminko na proch\u00e1zku, samoz\u0159ejmost\u00ed je m\u00edt ko\u010d\u00e1rek vybaven\u00fd dle ro\u010dn\u00edho obdob\u00ed (lehk\u00e1 de\u010dka \u010di zimn\u00ed fusak) a autoseda\u010dku na cesty. V p\u0159\u00edpad\u011b, \u017ee m\u00e1te post\u00fdlku v dom\u011b na pat\u0159e nebo chcete nechat ko\u010d\u00e1r na zahrad\u011b, jist\u011b se vyplat\u00ed investovat do elektronick\u00e9 ch\u016fvi\u010dky, kter\u00e1 m\u00e1 dosah na dan\u00e9 m\u00edsto a signalizuje d\u011btsk\u00fd pl\u00e1\u010d.&#13; &#13;                                                                                                                                                                                                                                                                                                                                                                                         4.3\/5 - (11 votes)        "},{"@context":"https:\/\/schema.org\/","@type":"BreadcrumbList","itemListElement":[{"@type":"ListItem","position":1,"name":"Co v\u00e1m nesm\u00ed chyb\u011bt doma pro miminko po p\u0159\u00edjezdu z porodnice?","item":"https:\/\/www.upmas.cz\/co-vam-nesmi-chybet-doma-pro-miminko-po-prijezdu-z-porodnice\/#breadcrumbitem"}]}]