[{"@context":"https:\/\/schema.org\/","@type":"Article","@id":"https:\/\/www.upmas.cz\/generacni-rozdily\/#Article","mainEntityOfPage":"https:\/\/www.upmas.cz\/generacni-rozdily\/","headline":"Genera\u010dn\u00ed rozd\u00edly","name":"Genera\u010dn\u00ed rozd\u00edly","description":"Je to st\u00e1le to stejn\u00e9 ji\u017e n\u011bkolik stalet\u00ed. Star\u0161\u00ed v\u017edy nad\u00e1vaj\u00ed na ti, co jsou o n\u011bkolik des\u00edtek let mlad\u0161\u00ed. Ohra\u0148uj\u00ed se argumenty jako \u201eza na\u0161ich mlad\u00fdch let jsme si nic takov\u00e9ho nedovolili\u201c, \u201eza n\u00e1s to bylo jinak a lep\u0161\u00ed\u201c, \u201eto je hr\u016fza ti dne\u0161n\u00ed mlad\u00ed\u201c. Takto bych mohla pokra\u010dovat je\u0161t\u011b dlouho. Na sv\u011bt\u011b nen\u00ed [&hellip;]","datePublished":"2021-09-22","dateModified":"2023-05-15","author":{"@type":"Person","@id":"https:\/\/www.upmas.cz\/author\/#Person","name":"","url":"https:\/\/www.upmas.cz\/author\/","identifier":1,"image":{"@type":"ImageObject","@id":"https:\/\/secure.gravatar.com\/avatar\/9d25b0af9840660883a67790aa4f595ddc226aa4680c4cf7bc03a25c14fcef85?s=96&d=mm&r=g","url":"https:\/\/secure.gravatar.com\/avatar\/9d25b0af9840660883a67790aa4f595ddc226aa4680c4cf7bc03a25c14fcef85?s=96&d=mm&r=g","height":96,"width":96}},"publisher":{"@type":"Organization","name":"upmas.cz","logo":{"@type":"ImageObject","@id":"\/logo.png","url":"\/logo.png","width":600,"height":60}},"image":{"@type":"ImageObject","@id":"https:\/\/www.upmas.cz\/wp-content\/uploads\/generace_1.jpg","url":"https:\/\/www.upmas.cz\/wp-content\/uploads\/generace_1.jpg","height":0,"width":0},"url":"https:\/\/www.upmas.cz\/generacni-rozdily\/","about":["Spole\u010dnost"],"wordCount":413,"articleBody":"Je to st\u00e1le to stejn\u00e9 ji\u017e n\u011bkolik stalet\u00ed. Star\u0161\u00ed v\u017edy nad\u00e1vaj\u00ed na ti, co jsou o n\u011bkolik des\u00edtek let mlad\u0161\u00ed. Ohra\u0148uj\u00ed se argumenty jako \u201eza na\u0161ich mlad\u00fdch let jsme si nic takov\u00e9ho nedovolili\u201c, \u201eza n\u00e1s to bylo jinak a lep\u0161\u00ed\u201c, \u201eto je hr\u016fza ti dne\u0161n\u00ed mlad\u00ed\u201c. Takto bych mohla pokra\u010dovat je\u0161t\u011b dlouho. Na sv\u011bt\u011b nen\u00ed nikdo, kdo by takov\u00e9 fr\u00e1ze nesly\u0161el. Rozd\u00edly mezi generacemi tu byly v\u017edy. Pro\u010d? Doma jde dop\u0159edu, sv\u011bt a spole\u010dnost se m\u011bn\u00ed a star\u0161\u00ed lid\u00e9 se ji\u017e necht\u011bj\u00ed p\u0159izp\u016fsobovat nov\u00fdm trend\u016fm. Rozd\u00edly jsou ve stylu obl\u00e9k\u00e1n\u00ed, chov\u00e1n\u00ed, vkusu na muziku, politick\u00fdmi n\u00e1zory\u2026genera\u010dn\u00edch rozd\u00edl\u016f je opravdu mnoho. Mlad\u00ed si mysl\u00ed sv\u00e9 a maj\u00ed n\u011bkdy a\u017e p\u0159\u00edli\u0161 optimistick\u00e9 p\u0159edstavy naproti tomu stra\u0161\u00ed generace se ji\u017e op\u00edr\u00e1 o dlouholet\u00e9 zku\u0161enosti. V\u00a0Americe prob\u011bhl v\u00fdzkum realizovan\u00fd Harrisem Pollem, kde c\u00edlem bylo naj\u00edt z\u00e1sadn\u00ed n\u00e1zorov\u00e9 rozd\u00edly mezi star\u0161\u00ed generac\u00ed tzv. Babyboomers (v\u011bk 65+) a mlad\u0161\u00ed generac\u00ed tzv. mileni\u00e1ly (v\u011bk 18 \u2013 34). Pr\u016fzkumu se \u00fa\u010dastnilo p\u0159es dva tis\u00edce \u00fa\u010dastn\u00edk\u016f. V\u00fdsledky, kter\u00e9 se z\u00edskali t\u00edmto experimentem, nab\u00edzej\u00ed mo\u017enost zaj\u00edmav\u00e9ho n\u00e1hledu na v\u011bci. Z\u00a0v\u00fdzkumu se kr\u00e1sn\u011b uk\u00e1zaly genera\u010dn\u00ed rozd\u00edly. Poj\u010fme se nyn\u00ed na ty hlavn\u00ed pod\u00edvat:A\u017e 70% respondent\u016f si mysl\u00ed, \u017ee dne\u0161n\u00ed d\u011bti nebudou dostate\u010dn\u011b p\u0159ipraveny na dosp\u011bl\u00fd \u017eivot. T\u0159i \u010dtvrtiny dot\u00e1zan\u00fdch si mysl\u00ed, \u017ee byli dob\u0159e p\u0159ipraven\u00ed na dosp\u011bl\u00fd \u017eivot \u2013 Babyboomers 83% mileni\u00e1lov\u00e9 66%.2 ze 3 osob tvrd\u00ed, \u017ee m\u011bli p\u0159i sv\u00e9m dosp\u00edv\u00e1n\u00ed v\u00a0okol\u00ed osobu, je\u017e nebyla rodi\u010d, kter\u00e1 na n\u011b m\u011bla pozitivn\u00ed vliv. Star\u0161\u00ed generace s\u00a0t\u00edmto souhlas\u00ed razantn\u011b m\u00e9n\u011b (59%) ne\u017e ti mlad\u0161\u00ed (71%).V\u00edce n\u011b\u017e polovina dot\u00e1zan\u00fdch se shodnou, \u017ee se mnohem v\u00edce u\u010d\u00ed prost\u0159ednictv\u00edm technologi\u00ed ne\u017e interakc\u00ed s\u00a0lidmi. Mileni\u00e1l\u016f (t\u00e9m\u011b\u0159 70%) s\u00a0t\u00edmto souhlas\u00ed v\u00edce ne\u017e ostatn\u00ed (50%).Dal\u0161\u00ed probl\u00e9m, kter\u00fd se za\u010d\u00edn\u00e1 u mlad\u0161\u00edch generac\u00ed projevovat je m\u00edra stresu. V\u00edce jak 2 z\u00a05 dot\u00e1zan\u00fdch se pravideln\u011b zahlt\u00ed ka\u017e denn\u00edmi starostmi. Ve star\u0161\u00ed generaci se to t\u00fdk\u00e1 asi 32%, naproti tomu u mlad\u0161\u00edch je to 59%                                                                                                                                                                                                                                                                                                                                                                                        4.5\/5 - (12 votes)        "},{"@context":"https:\/\/schema.org\/","@type":"BreadcrumbList","itemListElement":[{"@type":"ListItem","position":1,"name":"Genera\u010dn\u00ed rozd\u00edly","item":"https:\/\/www.upmas.cz\/generacni-rozdily\/#breadcrumbitem"}]}]