[{"@context":"https:\/\/schema.org\/","@type":"Article","@id":"https:\/\/www.upmas.cz\/je-vase-stavba-v-poradku\/#Article","mainEntityOfPage":"https:\/\/www.upmas.cz\/je-vase-stavba-v-poradku\/","headline":"Je va\u0161e stavba v po\u0159\u00e1dku?","name":"Je va\u0161e stavba v po\u0159\u00e1dku?","description":"Pokud zva\u017eujete d\u0159ev\u011bn\u00e1 okna, asi p\u0159em\u00fd\u0161l\u00edte o tom, jakou byste asi m\u011bli zvolit d\u0159evinu. M\u016f\u017eete b\u00fdt klidn\u00ed, proto\u017ee v\u0161echny d\u0159eviny, pou\u017e\u00edvan\u00e9 pro v\u00fdrobu oken b\u011b\u017en\u011b, jsou pro v\u00fdrobu oken v\u00edcem\u00e9n\u011b vhodn\u00e9. Jinak by se k v\u00fdrob\u011b oken nepou\u017e\u00edvali. \u017divotnost d\u0159ev\u011bn\u00fdch oken z jak\u00e9koli b\u011b\u017en\u011b pou\u017e\u00edvan\u00e9 d\u0159eviny je naprosto dostate\u010dn\u00e1 a z\u00e1vis\u00ed jednak na \u00fadr\u017eb\u011b oken, [&hellip;]","datePublished":"2025-01-18","dateModified":"2025-01-18","author":{"@type":"Person","@id":"https:\/\/www.upmas.cz\/author\/#Person","name":"","url":"https:\/\/www.upmas.cz\/author\/","identifier":1,"image":{"@type":"ImageObject","@id":"https:\/\/secure.gravatar.com\/avatar\/9d25b0af9840660883a67790aa4f595ddc226aa4680c4cf7bc03a25c14fcef85?s=96&d=mm&r=g","url":"https:\/\/secure.gravatar.com\/avatar\/9d25b0af9840660883a67790aa4f595ddc226aa4680c4cf7bc03a25c14fcef85?s=96&d=mm&r=g","height":96,"width":96}},"publisher":{"@type":"Organization","name":"upmas.cz","logo":{"@type":"ImageObject","@id":"\/logo.png","url":"\/logo.png","width":600,"height":60}},"url":"https:\/\/www.upmas.cz\/je-vase-stavba-v-poradku\/","wordCount":187,"articleBody":"Pokud zva\u017eujete d\u0159ev\u011bn\u00e1 okna, asi p\u0159em\u00fd\u0161l\u00edte o tom, jakou byste asi m\u011bli zvolit d\u0159evinu. M\u016f\u017eete b\u00fdt klidn\u00ed, proto\u017ee v\u0161echny d\u0159eviny, pou\u017e\u00edvan\u00e9 pro v\u00fdrobu oken b\u011b\u017en\u011b, jsou pro v\u00fdrobu oken v\u00edcem\u00e9n\u011b vhodn\u00e9. Jinak by se k v\u00fdrob\u011b oken nepou\u017e\u00edvali. \u017divotnost d\u0159ev\u011bn\u00fdch oken z jak\u00e9koli b\u011b\u017en\u011b pou\u017e\u00edvan\u00e9 d\u0159eviny je naprosto dostate\u010dn\u00e1 a z\u00e1vis\u00ed jednak na \u00fadr\u017eb\u011b oken, tak p\u0159edev\u0161\u00edm na \u00fadr\u017eb\u011b stavby samotn\u00e9. Nech\u00e1te-li toti\u017e do va\u0161\u00ed nemovitosti dlouhodob\u011b zat\u00e9kat nebo budete m\u00edt dlouhodob\u011b vlhk\u00e9 zdivo, v n\u011bm\u017e jsou d\u0159ev\u011bn\u00e1 okna osazena, m\u016f\u017ee doj\u00edt k v\u00e1\u017en\u00e9mu po\u0161kozen\u00ed d\u0159eva b\u011bhem n\u011bkolika let. Je va\u0161e stavba v po\u0159\u00e1dku? Pak budou i na\u0161e D\u0159ev\u011bn\u00e1 okna. Pokud v\u0161ak va\u0161e d\u0159ev\u011bn\u00e1 okna od n\u00e1s budete m\u00edt v suchu a budete prov\u00e1d\u011bt pravidelnou jednoduchou \u00fadr\u017ebu, okna v\u00e1m vydr\u017e\u00ed b\u011b\u017en\u011b 80 a\u017e 120 let.                                                                                                                                                                                                                                                                                                                                                                                                "},{"@context":"https:\/\/schema.org\/","@type":"BreadcrumbList","itemListElement":[{"@type":"ListItem","position":1,"name":"Je va\u0161e stavba v po\u0159\u00e1dku?","item":"https:\/\/www.upmas.cz\/je-vase-stavba-v-poradku\/#breadcrumbitem"}]}]